{"id":889,"date":"2024-12-31T20:22:47","date_gmt":"2024-12-31T20:22:47","guid":{"rendered":"https:\/\/gmk-wadowice.pl\/?p=889"},"modified":"2025-07-07T10:38:48","modified_gmt":"2025-07-07T10:38:48","slug":"spotkania-grupy-modlitwy-karmelitanskiej-2025","status":"publish","type":"post","link":"http:\/\/gmk-wadowice.pl\/?p=889","title":{"rendered":"Spotkania Grupy Modlitwy Karmelita\u0144skiej 2025"},"content":{"rendered":"<p><h3><strong>Maj 2025-\u00a0 spotkania:<\/strong><\/h3>\n<p>6 maj \u2013 modlitwa wewn\u0119trzna, Eucharystia i dzi\u0119kczynienie<\/p>\n<p>13 maj \u2013 modlitwa brewiarzowa, konferencja \u015aw. Teresa_Benedykta_od_Krzy\u017ca_9<br \/>i modlitwa wewn\u0119trzna<\/p>\n<p>20 maj \u2013 adoracja Naj\u015bwi\u0119tszego Sakramentu i dzielenie \u015aw. .Teresa_Benedykta_od_Krzy\u017ca_8+9<\/p>\n<p>27 maj \u2013 konferencja \u015aw. Teresa_Benedykta_od_Krzy\u017ca_10, modlitwa wewn\u0119trzna <br \/>i spotkanie wsp\u00f3lnotowe<\/p>\n<\/p>\n<h3><strong>Czerwiec 2025-\u00a0 spotkania:<\/strong><\/h3>\n<p>3 czerwiec \u2013 modlitwa wewn\u0119trzna, Eucharystia i dzi\u0119kczynienie<\/p>\n<p>10 czerwiec \u2013 adoracja Naj\u015bwi\u0119tszego Sakramentu i dzielenie \u015aw. Teresa_Benedykta_od_Krzy\u017ca_10<\/p>\n<p>17 czerwiec \u2013 modlitwa brewiarzowa, konferencja \u015aw. Teresa_Benedykta_od_Krzy\u017ca_11<br \/>i modlitwa wewn\u0119trzna<\/p>\n<p>24 czerwiec \u2013modlitwa wewn\u0119trzna i spotkanie wsp\u00f3lnotowe<\/p>\n<\/p>\n<h3><strong style=\"font-style: inherit;\">Kwiecie\u0144 2025- \u00a0spotkania:<\/strong><\/h3>\n<p>1 kwiecie\u0144\u2013 modlitwa wewn\u0119trzna, Eucharystia i dzi\u0119kczynienie<\/p>\n<p>8 kwiecie\u0144\u2013 modlitwa brewiarzowa, konferencja \u015aw. Teresa_Benedykta_od_Krzy\u017ca_7<br \/>i modlitwa wewn\u0119trzna<\/p>\n<p>15 kwiecie\u0144 \u2013 adoracja Naj\u015bwi\u0119tszego Sakramentu i dzielenie \u015aw. .Teresa_Benedykta_od_Krzy\u017ca_6+7<\/p>\n<p>22 kwiecie\u0144 \u2013 modlitwa brewiarzowa, konferencja \u015aw. Teresa_Benedykta_od_Krzy\u017ca_8<br \/>i modlitwa wewn\u0119trzna<\/p>\n<p><u>29 kwiecie\u0144 \u2013 adoracja\u00a0 i spotkanie wsp\u00f3lnotowe<\/u><\/p>\n<\/p>\n<p style=\"margin-bottom: 0.0001pt; line-height: 150%; background-image: initial; background-position: initial; background-size: initial; background-repeat: initial; background-attachment: initial; background-origin: initial; background-clip: initial;\"><b style=\"font-style: inherit; color: var(--ast-global-color-2); font-family: var( --e-global-typography-text-font-family ), Sans-serif; text-align: var(--text-align); background-color: var(--ast-global-color-5);\">Marzec 2025- \u00a0spotkania:<\/b><\/p>\n<p style=\"margin-bottom: 0.0001pt; line-height: 150%; background-image: initial; background-position: initial; background-size: initial; background-repeat: initial; background-attachment: initial; background-origin: initial; background-clip: initial;\"><b style=\"font-style: inherit; color: var(--ast-global-color-2); font-family: var( --e-global-typography-text-font-family ), Sans-serif; text-align: var(--text-align); background-color: var(--ast-global-color-5);\">\u00a0<\/b><\/p>\n<p style=\"margin: 0cm 0cm 12pt 63.8pt; text-indent: -63.8pt; line-height: normal; background-image: initial; background-position: initial; background-size: initial; background-repeat: initial; background-attachment: initial; background-origin: initial; background-clip: initial;\">4 marzec \u2013 modlitwa wewn\u0119trzna, Eucharystia i dzi\u0119kczynienie<\/p>\n<p style=\"margin: 0cm 0cm 12pt 63.8pt; text-indent: -63.8pt; line-height: normal; background-image: initial; background-position: initial; background-size: initial; background-repeat: initial; background-attachment: initial; background-origin: initial; background-clip: initial;\">11 marzec \u2013 modlitwa brewiarzowa, konferencja \u015aw. Teresa_Benedykta_od_Krzy\u017ca_5<\/p>\n<p style=\"margin: 0cm 0cm 12pt 63.8pt; text-indent: -63.8pt; line-height: normal; background-image: initial; background-position: initial; background-size: initial; background-repeat: initial; background-attachment: initial; background-origin: initial; background-clip: initial;\">\u00a0 \u00a0 \u00a0 \u00a0 \u00a0 \u00a0 \u00a0 \u00a0 \u00a0 \u00a0 \u00a0i modlitwa wewn\u0119trzna<\/p>\n<p style=\"margin-bottom: 12pt; line-height: normal; background-image: initial; background-position: initial; background-size: initial; background-repeat: initial; background-attachment: initial; background-origin: initial; background-clip: initial;\">18 marzec \u2013 adoracja Naj\u015bw. Sakramentu i dzielenie \u015aw. Teresa Benedykta<\/p>\n<p style=\"margin-bottom: 12pt; line-height: normal; background-image: initial; background-position: initial; background-size: initial; background-repeat: initial; background-attachment: initial; background-origin: initial; background-clip: initial;\">\u00a0 \u00a0 \u00a0 \u00a0 \u00a0 \u00a0 \u00a0 \u00a0 \u00a0 \u00a0 \u00a0od_Krzy\u017ca_1+2+3+4+5<\/p>\n<p style=\"margin: 0cm 0cm 12pt 63.8pt; text-indent: -63.8pt; line-height: normal; background-image: initial; background-position: initial; background-size: initial; background-repeat: initial; background-attachment: initial; background-origin: initial; background-clip: initial;\">25 marzec \u2013 konferencja \u015aw. . Teresa_Benedykta_od_Krzy\u017ca_6, modlitwa wewn\u0119trzna<\/p>\n<p style=\"margin: 0cm 0cm 12pt 63.8pt; text-indent: -63.8pt; line-height: normal; background-image: initial; background-position: initial; background-size: initial; background-repeat: initial; background-attachment: initial; background-origin: initial; background-clip: initial;\">\u00a0 \u00a0 \u00a0 \u00a0 \u00a0 \u00a0 \u00a0 \u00a0 \u00a0 \u00a0 \u00a0i spotkanie wsp\u00f3lnotowe<\/p>\n<p style=\"margin: 0cm 0cm 12pt 63.8pt; text-indent: -63.8pt; line-height: normal; background-image: initial; background-position: initial; background-size: initial; background-repeat: initial; background-attachment: initial; background-origin: initial; background-clip: initial;\">\n<p style=\"margin-bottom: 0.0001pt; line-height: 150%; background-image: initial; background-position: initial; background-size: initial; background-repeat: initial; background-attachment: initial; background-origin: initial; background-clip: initial;\"><b>Luty 2025- \u00a0spotkania:<\/b><\/p>\n<p style=\"margin-bottom: 0.0001pt; line-height: 150%; background-image: initial; background-position: initial; background-size: initial; background-repeat: initial; background-attachment: initial; background-origin: initial; background-clip: initial;\"><b>\u00a0<\/b><\/p>\n<p style=\"margin: 0cm 0cm 12pt 63.8pt; text-indent: -63.8pt; line-height: normal; background-image: initial; background-position: initial; background-size: initial; background-repeat: initial; background-attachment: initial; background-origin: initial; background-clip: initial;\">4 luty \u2013 modlitwa wewn\u0119trzna, Eucharystia i dzi\u0119kczynienie<\/p>\n<p style=\"margin-bottom: 12pt; line-height: normal; background-image: initial; background-position: initial; background-size: initial; background-repeat: initial; background-attachment: initial; background-origin: initial; background-clip: initial;\">11 luty \u2013 adoracja Naj\u015bwi\u0119tszego Sakramentu i dzielenie \u015aw.Teresa_Benedykta<\/p>\n<p style=\"margin-bottom: 12pt; line-height: normal; background-image: initial; background-position: initial; background-size: initial; background-repeat: initial; background-attachment: initial; background-origin: initial; background-clip: initial;\">\u00a0 \u00a0 \u00a0 \u00a0 \u00a0 \u00a0 \u00a0 \u00a0od_Krzy\u017ca_1+2<\/p>\n<p style=\"margin: 0cm 0cm 12pt 63.8pt; text-indent: -63.8pt; line-height: normal; background-image: initial; background-position: initial; background-size: initial; background-repeat: initial; background-attachment: initial; background-origin: initial; background-clip: initial;\">18 luty \u2013 modlitwa brewiarzowa, konferencja \u015aw. Teresa_Benedykta_od_Krzy\u017ca_3<\/p>\n<p style=\"margin: 0cm 0cm 12pt 63.8pt; text-indent: -63.8pt; line-height: normal; background-image: initial; background-position: initial; background-size: initial; background-repeat: initial; background-attachment: initial; background-origin: initial; background-clip: initial;\">\u00a0 \u00a0 \u00a0 \u00a0 \u00a0 \u00a0 \u00a0 \u00a0i modlitwa wewn\u0119trzna<\/p>\n<p style=\"margin: 0cm 0cm 12pt 63.8pt; text-indent: -63.8pt; line-height: normal; background-image: initial; background-position: initial; background-size: initial; background-repeat: initial; background-attachment: initial; background-origin: initial; background-clip: initial;\">25 luty \u2013 konferencja \u015aw. . Teresa_Benedykta_od_Krzy\u017ca_4, modlitwa wewn\u0119trzna<\/p>\n<p style=\"margin: 0cm 0cm 12pt 63.8pt; text-indent: -63.8pt; line-height: normal; background-image: initial; background-position: initial; background-size: initial; background-repeat: initial; background-attachment: initial; background-origin: initial; background-clip: initial;\">\u00a0 \u00a0 \u00a0 \u00a0 \u00a0 \u00a0 \u00a0 \u00a0i spotkanie wsp\u00f3lnotowe<\/p>\n<h2><strong>Stycze\u0144 2025- \u00a0spotkania:<\/strong><\/h2>\n<p>7 stycze\u0144 \u2013 Eucharystia o godz. 18:00, dzi\u0119kczynienie (20 min.) i Spotkanie Op\u0142atkowe<\/p>\n<\/p>\n<p>\n\n\n<\/p>\n<p>14 stycze\u0144 \u2013 modlitwa brewiarzowa, konferencja \u015aw._Teresa_Benedykta_od_Krzy\u017ca_1 <br \/>i modlitwa wewn\u0119trzna<\/p>\n<p>\n\n\n<\/p>\n<p>\n\n\n<\/p>\n<p>21 stycze\u0144 \u2013 adoracja Naj\u015bwi\u0119tszego Sakramentu i dzielenie \u015aw.Teresa_Benedykta_od_Krzy\u017ca_1<\/p>\n<p>\n\n\n<\/p>\n<p>\n\n\n<\/p>\n<p>28 stycze\u0144 \u2013 konferencja \u015aw. . Teresa_Benedykta_od_Krzy\u017ca_2, modlitwa wewn\u0119trzna<br \/>\u00a0i spotkanie wsp\u00f3lnotowe<\/p>\n<p>\n\n\n<\/p>\n<p>\n\n\n<\/p>\n<p>\n\n\n<\/p>","protected":false},"excerpt":{"rendered":"<p>Maj 2025-\u00a0 spotkania: 6 maj \u2013 modlitwa wewn\u0119trzna, Eucharystia i dzi\u0119kczynienie 13 maj \u2013 modlitwa brewiarzowa, konferencja \u015aw. Teresa_Benedykta_od_Krzy\u017ca_9i modlitwa wewn\u0119trzna 20 maj \u2013 adoracja Naj\u015bwi\u0119tszego Sakramentu i dzielenie \u015aw. [&hellip;]<\/p>\n","protected":false},"author":3,"featured_media":0,"comment_status":"closed","ping_status":"open","sticky":false,"template":"","format":"standard","meta":{"site-sidebar-layout":"default","site-content-layout":"","ast-site-content-layout":"default","site-content-style":"default","site-sidebar-style":"default","ast-global-header-display":"","ast-banner-title-visibility":"","ast-main-header-display":"","ast-hfb-above-header-display":"","ast-hfb-below-header-display":"","ast-hfb-mobile-header-display":"","site-post-title":"","ast-breadcrumbs-content":"","ast-featured-img":"","footer-sml-layout":"","theme-transparent-header-meta":"","adv-header-id-meta":"","stick-header-meta":"","header-above-stick-meta":"","header-main-stick-meta":"","header-below-stick-meta":"","astra-migrate-meta-layouts":"default","ast-page-background-enabled":"default","ast-page-background-meta":{"desktop":{"background-color":"var(--ast-global-color-4)","background-image":"","background-repeat":"repeat","background-position":"center center","background-size":"auto","background-attachment":"scroll","background-type":"","background-media":"","overlay-type":"","overlay-color":"","overlay-opacity":"","overlay-gradient":""},"tablet":{"background-color":"","background-image":"","background-repeat":"repeat","background-position":"center center","background-size":"auto","background-attachment":"scroll","background-type":"","background-media":"","overlay-type":"","overlay-color":"","overlay-opacity":"","overlay-gradient":""},"mobile":{"background-color":"","background-image":"","background-repeat":"repeat","background-position":"center center","background-size":"auto","background-attachment":"scroll","background-type":"","background-media":"","overlay-type":"","overlay-color":"","overlay-opacity":"","overlay-gradient":""}},"ast-content-background-meta":{"desktop":{"background-color":"var(--ast-global-color-5)","background-image":"","background-repeat":"repeat","background-position":"center center","background-size":"auto","background-attachment":"scroll","background-type":"","background-media":"","overlay-type":"","overlay-color":"","overlay-opacity":"","overlay-gradient":""},"tablet":{"background-color":"var(--ast-global-color-5)","background-image":"","background-repeat":"repeat","background-position":"center center","background-size":"auto","background-attachment":"scroll","background-type":"","background-media":"","overlay-type":"","overlay-color":"","overlay-opacity":"","overlay-gradient":""},"mobile":{"background-color":"var(--ast-global-color-5)","background-image":"","background-repeat":"repeat","background-position":"center center","background-size":"auto","background-attachment":"scroll","background-type":"","background-media":"","overlay-type":"","overlay-color":"","overlay-opacity":"","overlay-gradient":""}},"footnotes":""},"categories":[1],"tags":[],"class_list":["post-889","post","type-post","status-publish","format-standard","hentry","category-uncategorized"],"_links":{"self":[{"href":"http:\/\/gmk-wadowice.pl\/index.php?rest_route=\/wp\/v2\/posts\/889","targetHints":{"allow":["GET"]}}],"collection":[{"href":"http:\/\/gmk-wadowice.pl\/index.php?rest_route=\/wp\/v2\/posts"}],"about":[{"href":"http:\/\/gmk-wadowice.pl\/index.php?rest_route=\/wp\/v2\/types\/post"}],"author":[{"embeddable":true,"href":"http:\/\/gmk-wadowice.pl\/index.php?rest_route=\/wp\/v2\/users\/3"}],"replies":[{"embeddable":true,"href":"http:\/\/gmk-wadowice.pl\/index.php?rest_route=%2Fwp%2Fv2%2Fcomments&post=889"}],"version-history":[{"count":26,"href":"http:\/\/gmk-wadowice.pl\/index.php?rest_route=\/wp\/v2\/posts\/889\/revisions"}],"predecessor-version":[{"id":1135,"href":"http:\/\/gmk-wadowice.pl\/index.php?rest_route=\/wp\/v2\/posts\/889\/revisions\/1135"}],"wp:attachment":[{"href":"http:\/\/gmk-wadowice.pl\/index.php?rest_route=%2Fwp%2Fv2%2Fmedia&parent=889"}],"wp:term":[{"taxonomy":"category","embeddable":true,"href":"http:\/\/gmk-wadowice.pl\/index.php?rest_route=%2Fwp%2Fv2%2Fcategories&post=889"},{"taxonomy":"post_tag","embeddable":true,"href":"http:\/\/gmk-wadowice.pl\/index.php?rest_route=%2Fwp%2Fv2%2Ftags&post=889"}],"curies":[{"name":"wp","href":"https:\/\/api.w.org\/{rel}","templated":true}]}}